{"id":725,"date":"2022-09-08T11:46:25","date_gmt":"2022-09-08T09:46:25","guid":{"rendered":"http:\/\/www.av2e.fr\/?p=725"},"modified":"2022-09-08T11:58:28","modified_gmt":"2022-09-08T09:58:28","slug":"dimanche-11-septembre-2022-10h-17h","status":"publish","type":"post","link":"https:\/\/www.av2e.fr\/?p=725","title":{"rendered":"Antigone des associations :                         dimanche 11 septembre 2022 10h &#8211; 18h"},"content":{"rendered":"\n<blockquote class=\"wp-block-quote\"><p>\u00a0\u00bb le rendez -vous de la fraternit\u00e9 c&rsquo;est dimanche stand 555&Prime;<\/p><\/blockquote>\n\n\n\n<p>Antigone des associations  : venez nous rejoindre STAND 555 place de Thessalie &#8211; Antigone<\/p>\n\n\n\n<p><\/p>\n\n\n\n<p><strong>L\u2019AV2E vous invite pour&nbsp;:<\/strong><\/p>\n\n\n\n<ul><li>Participer \u00e0 la tenue du stand si vous \u00eates disponible<\/li><li><strong>\u00c9changer<\/strong> sur la r\u00e9sidence, sur vos pr\u00e9occupations actuelles, vos propositions d\u2019am\u00e9lioration<\/li><li>Faire le point sur la p\u00e9riode estivale \u00e9coul\u00e9e<\/li><li>Signer la <strong>p\u00e9tition<\/strong> <strong>sur les nuisances sonores<\/strong> en cours plus que jamais d\u2019actualit\u00e9 \u2026<\/li><li><strong>Rejoindre l\u2019Av2e sous diff\u00e9rentes formes&nbsp;:<\/strong><\/li><li><strong>Membre du CA<\/strong><\/li><li><strong>Apport ponctuel<\/strong><\/li><li><strong>R\u00e9daction d\u2019articles pour l\u2019\u00e9cho de Samothrace<\/strong><\/li><li><strong>\u2026<\/strong><\/li><\/ul>\n\n\n\n<p><strong>On vous attend nombreux<\/strong><\/p>\n\n\n\n<p><strong>Merci de nous faire part de vos remarques &#8211; interrogations &#8211; autres &#8211; sur notre mail <\/strong><a href=\"mailto:contact@av2e.fr\"><strong>contact@av2e.fr<\/strong><\/a><strong><\/strong><\/p>\n\n\n\n<p><strong>Et plus d\u2019infos sur notre site <\/strong><a href=\"http:\/\/www.AV2E.fr\"><strong>www.AV2E.fr<\/strong><\/a><strong><\/strong><\/p>\n\n\n\n<p><strong>Notre page Facebook <u>AVE<\/u> et Instagram <u>associationav2e<\/u><\/strong><\/p>\n","protected":false},"excerpt":{"rendered":"<p>\u00a0\u00bb le rendez -vous de la fraternit\u00e9 c&rsquo;est dimanche stand 555&Prime; Antigone des associations : venez nous rejoindre STAND 555 place de Thessalie &#8211; Antigone L\u2019AV2E vous invite pour&nbsp;: Participer &#8230;<\/p>\n","protected":false},"author":2,"featured_media":599,"comment_status":"closed","ping_status":"open","sticky":false,"template":"","format":"standard","meta":[],"categories":[7,3,1],"tags":[],"_links":{"self":[{"href":"https:\/\/www.av2e.fr\/index.php?rest_route=\/wp\/v2\/posts\/725"}],"collection":[{"href":"https:\/\/www.av2e.fr\/index.php?rest_route=\/wp\/v2\/posts"}],"about":[{"href":"https:\/\/www.av2e.fr\/index.php?rest_route=\/wp\/v2\/types\/post"}],"author":[{"embeddable":true,"href":"https:\/\/www.av2e.fr\/index.php?rest_route=\/wp\/v2\/users\/2"}],"replies":[{"embeddable":true,"href":"https:\/\/www.av2e.fr\/index.php?rest_route=%2Fwp%2Fv2%2Fcomments&post=725"}],"version-history":[{"count":5,"href":"https:\/\/www.av2e.fr\/index.php?rest_route=\/wp\/v2\/posts\/725\/revisions"}],"predecessor-version":[{"id":734,"href":"https:\/\/www.av2e.fr\/index.php?rest_route=\/wp\/v2\/posts\/725\/revisions\/734"}],"wp:featuredmedia":[{"embeddable":true,"href":"https:\/\/www.av2e.fr\/index.php?rest_route=\/wp\/v2\/media\/599"}],"wp:attachment":[{"href":"https:\/\/www.av2e.fr\/index.php?rest_route=%2Fwp%2Fv2%2Fmedia&parent=725"}],"wp:term":[{"taxonomy":"category","embeddable":true,"href":"https:\/\/www.av2e.fr\/index.php?rest_route=%2Fwp%2Fv2%2Fcategories&post=725"},{"taxonomy":"post_tag","embeddable":true,"href":"https:\/\/www.av2e.fr\/index.php?rest_route=%2Fwp%2Fv2%2Ftags&post=725"}],"curies":[{"name":"wp","href":"https:\/\/api.w.org\/{rel}","templated":true}]}}